{"id":1998,"date":"2025-05-25T13:41:46","date_gmt":"2025-05-25T11:41:46","guid":{"rendered":"https:\/\/gockenholz.de\/home\/?p=1998"},"modified":"2025-05-25T13:53:39","modified_gmt":"2025-05-25T11:53:39","slug":"dorfflohmarkt-in-gockenholz-auch-am-neuen-buergerhaus","status":"publish","type":"post","link":"https:\/\/gockenholz.de\/home\/2025\/05\/25\/dorfflohmarkt-in-gockenholz-auch-am-neuen-buergerhaus\/","title":{"rendered":"Dorfflohmarkt in Gockenholz auch am neuen B\u00fcrgerhaus"},"content":{"rendered":"\n<p>Sonntag, den 22. Juni 2025 findet unser 4. Gockenholzer Dorfflohmarkt statt. Start ist ab 10 Uhr. Jeder aus dem Dorf stellt seine Flohmarktartikel auf die Auffahrt. Alternativ kann auch ein Standplatz am neuen B\u00fcrgerhaus genutzt werden. Dieses gilt f\u00fcr alle Gockenholzer und auch f\u00fcr Interessenten aus den umliegenden D\u00f6rfern.<\/p>\n\n\n\n<p>Gewerbliche Anbieter sollten bitte zuhause bleiben, ansonsten r\u00e4umen sie wieder ein.<\/p>\n\n\n\n<p>F\u00fcr den B\u00fcrgerverein h\u00e4tten wir gerne pro Stand einen Kuchen bzw. einen Salat f\u00fcr den Grillstand. Ihr unterst\u00fctzt damit den B\u00fcrgerverein!<\/p>\n\n\n\n<p>Ausw\u00e4rtige zahlen am B\u00fcrgerhaus eine Standgeb\u00fchr je Meter 5 \u20ac, max. 3m.<\/p>\n\n\n\n<p>Wir m\u00f6chten auch dieses Mal gerne, Kaffee, Kuchen und Gegrilltes anbieten.<\/p>\n\n\n\n<p>Wir freuen uns \u00fcber jede Spende. Gebt bitte kurz per Email oder WhatsApp Bescheid, wenn Ihr etwas zu dem Kuchen- oder Salatbuffet &nbsp;beitragen m\u00f6chtet. Bitte am 22. Juni zwischen 9 und 10 Uhr bei am neuen B\u00fcrgerhaus abgegeben.&nbsp;<\/p>\n\n\n\n<p>Wir feuen uns auch \u00fcber jeden, der bei der Ausgabe von Kaffee und Kuchen sowie beim Auf- und Abbau unterst\u00fctzt.<\/p>\n\n\n\n<p>Meldet Euch bitte per Email oder WhatsApp f\u00fcr den Flohmarkt an. Bitte mit Stra\u00dfe und Hausnummer, damit wir eine \u00dcbersichtskarte anfertigen k\u00f6nnen. Frank markiert Euren Stand dann auf einer Karte, die Euch dann zu gegebener Zeit \u00fcber die bekannten Kan\u00e4le zu geht. So wisst Ihr Bescheid, bei wem Ihr st\u00f6bern und vielleicht auch kleine und gro\u00dfe Sch\u00e4tze finden k\u00f6nnt.&nbsp;<\/p>\n\n\n\n<p>Kontakt: <a href=\"mailto:hallo@gockenholz.de\">hallo@gockenholz.de<\/a><\/p>\n\n\n\n<p><\/p>\n","protected":false},"excerpt":{"rendered":"<p>Sonntag, den 22. Juni 2025 findet unser 4. Gockenholzer Dorfflohmarkt statt. Start ist ab 10 Uhr. Jeder aus dem Dorf stellt seine Flohmarktartikel auf die Auffahrt. Alternativ kann auch ein [&hellip;]<\/p>\n","protected":false},"author":5,"featured_media":1503,"comment_status":"closed","ping_status":"open","sticky":false,"template":"","format":"standard","meta":{"_jetpack_memberships_contains_paid_content":false,"footnotes":""},"categories":[1],"tags":[],"class_list":["post-1998","post","type-post","status-publish","format-standard","has-post-thumbnail","hentry","category-uncategorized"],"yoast_head":"<!-- This site is optimized with the Yoast SEO plugin v27.5 - https:\/\/yoast.com\/product\/yoast-seo-wordpress\/ -->\n<title>Dorfflohmarkt in Gockenholz auch am neuen B\u00fcrgerhaus - gockenholz.de<\/title>\n<meta name=\"robots\" content=\"index, follow, max-snippet:-1, max-image-preview:large, max-video-preview:-1\" \/>\n<link rel=\"canonical\" href=\"https:\/\/gockenholz.de\/home\/2025\/05\/25\/dorfflohmarkt-in-gockenholz-auch-am-neuen-buergerhaus\/\" \/>\n<meta property=\"og:locale\" content=\"de_DE\" \/>\n<meta property=\"og:type\" content=\"article\" \/>\n<meta property=\"og:title\" content=\"Dorfflohmarkt in Gockenholz auch am neuen B\u00fcrgerhaus - gockenholz.de\" \/>\n<meta property=\"og:description\" content=\"Sonntag, den 22. Juni 2025 findet unser 4. Gockenholzer Dorfflohmarkt statt. Start ist ab 10 Uhr. Jeder aus dem Dorf stellt seine Flohmarktartikel auf die Auffahrt. Alternativ kann auch ein [&hellip;]\" \/>\n<meta property=\"og:url\" content=\"https:\/\/gockenholz.de\/home\/2025\/05\/25\/dorfflohmarkt-in-gockenholz-auch-am-neuen-buergerhaus\/\" \/>\n<meta property=\"og:site_name\" content=\"gockenholz.de\" \/>\n<meta property=\"article:publisher\" content=\"https:\/\/www.facebook.com\/Gockenholz\/\" \/>\n<meta property=\"article:published_time\" content=\"2025-05-25T11:41:46+00:00\" \/>\n<meta property=\"article:modified_time\" content=\"2025-05-25T11:53:39+00:00\" \/>\n<meta property=\"og:image\" content=\"https:\/\/gockenholz.de\/home\/wp-content\/uploads\/2023\/07\/PXL_20230702_101743047-1030x776.jpg\" \/>\n\t<meta property=\"og:image:width\" content=\"1030\" \/>\n\t<meta property=\"og:image:height\" content=\"776\" \/>\n\t<meta property=\"og:image:type\" content=\"image\/jpeg\" \/>\n<meta name=\"author\" content=\"HoBu64\" \/>\n<meta name=\"twitter:card\" content=\"summary_large_image\" \/>\n<meta name=\"twitter:label1\" content=\"Verfasst von\" \/>\n\t<meta name=\"twitter:data1\" content=\"HoBu64\" \/>\n\t<meta name=\"twitter:label2\" content=\"Gesch\u00e4tzte Lesezeit\" \/>\n\t<meta name=\"twitter:data2\" content=\"2\u00a0Minuten\" \/>\n<script type=\"application\/ld+json\" class=\"yoast-schema-graph\">{\"@context\":\"https:\\\/\\\/schema.org\",\"@graph\":[{\"@type\":\"Article\",\"@id\":\"https:\\\/\\\/gockenholz.de\\\/home\\\/2025\\\/05\\\/25\\\/dorfflohmarkt-in-gockenholz-auch-am-neuen-buergerhaus\\\/#article\",\"isPartOf\":{\"@id\":\"https:\\\/\\\/gockenholz.de\\\/home\\\/2025\\\/05\\\/25\\\/dorfflohmarkt-in-gockenholz-auch-am-neuen-buergerhaus\\\/\"},\"author\":{\"name\":\"HoBu64\",\"@id\":\"https:\\\/\\\/gockenholz.de\\\/home\\\/#\\\/schema\\\/person\\\/371b985d047de95aa48ad817e1a429a2\"},\"headline\":\"Dorfflohmarkt in Gockenholz auch am neuen B\u00fcrgerhaus\",\"datePublished\":\"2025-05-25T11:41:46+00:00\",\"dateModified\":\"2025-05-25T11:53:39+00:00\",\"mainEntityOfPage\":{\"@id\":\"https:\\\/\\\/gockenholz.de\\\/home\\\/2025\\\/05\\\/25\\\/dorfflohmarkt-in-gockenholz-auch-am-neuen-buergerhaus\\\/\"},\"wordCount\":253,\"publisher\":{\"@id\":\"https:\\\/\\\/gockenholz.de\\\/home\\\/#organization\"},\"image\":{\"@id\":\"https:\\\/\\\/gockenholz.de\\\/home\\\/2025\\\/05\\\/25\\\/dorfflohmarkt-in-gockenholz-auch-am-neuen-buergerhaus\\\/#primaryimage\"},\"thumbnailUrl\":\"https:\\\/\\\/gockenholz.de\\\/home\\\/wp-content\\\/uploads\\\/2023\\\/07\\\/PXL_20230702_101743047-scaled.jpg\",\"articleSection\":[\"Uncategorized\"],\"inLanguage\":\"de\"},{\"@type\":\"WebPage\",\"@id\":\"https:\\\/\\\/gockenholz.de\\\/home\\\/2025\\\/05\\\/25\\\/dorfflohmarkt-in-gockenholz-auch-am-neuen-buergerhaus\\\/\",\"url\":\"https:\\\/\\\/gockenholz.de\\\/home\\\/2025\\\/05\\\/25\\\/dorfflohmarkt-in-gockenholz-auch-am-neuen-buergerhaus\\\/\",\"name\":\"Dorfflohmarkt in Gockenholz auch am neuen B\u00fcrgerhaus - gockenholz.de\",\"isPartOf\":{\"@id\":\"https:\\\/\\\/gockenholz.de\\\/home\\\/#website\"},\"primaryImageOfPage\":{\"@id\":\"https:\\\/\\\/gockenholz.de\\\/home\\\/2025\\\/05\\\/25\\\/dorfflohmarkt-in-gockenholz-auch-am-neuen-buergerhaus\\\/#primaryimage\"},\"image\":{\"@id\":\"https:\\\/\\\/gockenholz.de\\\/home\\\/2025\\\/05\\\/25\\\/dorfflohmarkt-in-gockenholz-auch-am-neuen-buergerhaus\\\/#primaryimage\"},\"thumbnailUrl\":\"https:\\\/\\\/gockenholz.de\\\/home\\\/wp-content\\\/uploads\\\/2023\\\/07\\\/PXL_20230702_101743047-scaled.jpg\",\"datePublished\":\"2025-05-25T11:41:46+00:00\",\"dateModified\":\"2025-05-25T11:53:39+00:00\",\"breadcrumb\":{\"@id\":\"https:\\\/\\\/gockenholz.de\\\/home\\\/2025\\\/05\\\/25\\\/dorfflohmarkt-in-gockenholz-auch-am-neuen-buergerhaus\\\/#breadcrumb\"},\"inLanguage\":\"de\",\"potentialAction\":[{\"@type\":\"ReadAction\",\"target\":[\"https:\\\/\\\/gockenholz.de\\\/home\\\/2025\\\/05\\\/25\\\/dorfflohmarkt-in-gockenholz-auch-am-neuen-buergerhaus\\\/\"]}]},{\"@type\":\"ImageObject\",\"inLanguage\":\"de\",\"@id\":\"https:\\\/\\\/gockenholz.de\\\/home\\\/2025\\\/05\\\/25\\\/dorfflohmarkt-in-gockenholz-auch-am-neuen-buergerhaus\\\/#primaryimage\",\"url\":\"https:\\\/\\\/gockenholz.de\\\/home\\\/wp-content\\\/uploads\\\/2023\\\/07\\\/PXL_20230702_101743047-scaled.jpg\",\"contentUrl\":\"https:\\\/\\\/gockenholz.de\\\/home\\\/wp-content\\\/uploads\\\/2023\\\/07\\\/PXL_20230702_101743047-scaled.jpg\",\"width\":2560,\"height\":1928},{\"@type\":\"BreadcrumbList\",\"@id\":\"https:\\\/\\\/gockenholz.de\\\/home\\\/2025\\\/05\\\/25\\\/dorfflohmarkt-in-gockenholz-auch-am-neuen-buergerhaus\\\/#breadcrumb\",\"itemListElement\":[{\"@type\":\"ListItem\",\"position\":1,\"name\":\"Startseite\",\"item\":\"https:\\\/\\\/gockenholz.de\\\/home\\\/willkommen-in-gockenholz\\\/\"},{\"@type\":\"ListItem\",\"position\":2,\"name\":\"Dorfflohmarkt in Gockenholz auch am neuen B\u00fcrgerhaus\"}]},{\"@type\":\"WebSite\",\"@id\":\"https:\\\/\\\/gockenholz.de\\\/home\\\/#website\",\"url\":\"https:\\\/\\\/gockenholz.de\\\/home\\\/\",\"name\":\"gockenholz.de\",\"description\":\"Hier l\u00e4sst es sich leben!\",\"publisher\":{\"@id\":\"https:\\\/\\\/gockenholz.de\\\/home\\\/#organization\"},\"potentialAction\":[{\"@type\":\"SearchAction\",\"target\":{\"@type\":\"EntryPoint\",\"urlTemplate\":\"https:\\\/\\\/gockenholz.de\\\/home\\\/?s={search_term_string}\"},\"query-input\":{\"@type\":\"PropertyValueSpecification\",\"valueRequired\":true,\"valueName\":\"search_term_string\"}}],\"inLanguage\":\"de\"},{\"@type\":\"Organization\",\"@id\":\"https:\\\/\\\/gockenholz.de\\\/home\\\/#organization\",\"name\":\"B\u00fcrgerverein Gockenholz e. V.\",\"url\":\"https:\\\/\\\/gockenholz.de\\\/home\\\/\",\"logo\":{\"@type\":\"ImageObject\",\"inLanguage\":\"de\",\"@id\":\"https:\\\/\\\/gockenholz.de\\\/home\\\/#\\\/schema\\\/logo\\\/image\\\/\",\"url\":\"https:\\\/\\\/gockenholz.de\\\/home\\\/wp-content\\\/uploads\\\/2023\\\/02\\\/gockenholz_fav.png\",\"contentUrl\":\"https:\\\/\\\/gockenholz.de\\\/home\\\/wp-content\\\/uploads\\\/2023\\\/02\\\/gockenholz_fav.png\",\"width\":549,\"height\":550,\"caption\":\"B\u00fcrgerverein Gockenholz e. V.\"},\"image\":{\"@id\":\"https:\\\/\\\/gockenholz.de\\\/home\\\/#\\\/schema\\\/logo\\\/image\\\/\"},\"sameAs\":[\"https:\\\/\\\/www.facebook.com\\\/Gockenholz\\\/\"]},{\"@type\":\"Person\",\"@id\":\"https:\\\/\\\/gockenholz.de\\\/home\\\/#\\\/schema\\\/person\\\/371b985d047de95aa48ad817e1a429a2\",\"name\":\"HoBu64\",\"image\":{\"@type\":\"ImageObject\",\"inLanguage\":\"de\",\"@id\":\"https:\\\/\\\/secure.gravatar.com\\\/avatar\\\/391a58ebe914d2f8e349c99ae4feed3d85e33193e823ab3ed77d23bd5528d584?s=96&d=mm&r=g\",\"url\":\"https:\\\/\\\/secure.gravatar.com\\\/avatar\\\/391a58ebe914d2f8e349c99ae4feed3d85e33193e823ab3ed77d23bd5528d584?s=96&d=mm&r=g\",\"contentUrl\":\"https:\\\/\\\/secure.gravatar.com\\\/avatar\\\/391a58ebe914d2f8e349c99ae4feed3d85e33193e823ab3ed77d23bd5528d584?s=96&d=mm&r=g\",\"caption\":\"HoBu64\"},\"url\":\"https:\\\/\\\/gockenholz.de\\\/home\\\/author\\\/hobu64\\\/\"}]}<\/script>\n<!-- \/ Yoast SEO plugin. -->","yoast_head_json":{"title":"Dorfflohmarkt in Gockenholz auch am neuen B\u00fcrgerhaus - gockenholz.de","robots":{"index":"index","follow":"follow","max-snippet":"max-snippet:-1","max-image-preview":"max-image-preview:large","max-video-preview":"max-video-preview:-1"},"canonical":"https:\/\/gockenholz.de\/home\/2025\/05\/25\/dorfflohmarkt-in-gockenholz-auch-am-neuen-buergerhaus\/","og_locale":"de_DE","og_type":"article","og_title":"Dorfflohmarkt in Gockenholz auch am neuen B\u00fcrgerhaus - gockenholz.de","og_description":"Sonntag, den 22. Juni 2025 findet unser 4. Gockenholzer Dorfflohmarkt statt. Start ist ab 10 Uhr. Jeder aus dem Dorf stellt seine Flohmarktartikel auf die Auffahrt. Alternativ kann auch ein [&hellip;]","og_url":"https:\/\/gockenholz.de\/home\/2025\/05\/25\/dorfflohmarkt-in-gockenholz-auch-am-neuen-buergerhaus\/","og_site_name":"gockenholz.de","article_publisher":"https:\/\/www.facebook.com\/Gockenholz\/","article_published_time":"2025-05-25T11:41:46+00:00","article_modified_time":"2025-05-25T11:53:39+00:00","og_image":[{"width":1030,"height":776,"url":"https:\/\/gockenholz.de\/home\/wp-content\/uploads\/2023\/07\/PXL_20230702_101743047-1030x776.jpg","type":"image\/jpeg"}],"author":"HoBu64","twitter_card":"summary_large_image","twitter_misc":{"Verfasst von":"HoBu64","Gesch\u00e4tzte Lesezeit":"2\u00a0Minuten"},"schema":{"@context":"https:\/\/schema.org","@graph":[{"@type":"Article","@id":"https:\/\/gockenholz.de\/home\/2025\/05\/25\/dorfflohmarkt-in-gockenholz-auch-am-neuen-buergerhaus\/#article","isPartOf":{"@id":"https:\/\/gockenholz.de\/home\/2025\/05\/25\/dorfflohmarkt-in-gockenholz-auch-am-neuen-buergerhaus\/"},"author":{"name":"HoBu64","@id":"https:\/\/gockenholz.de\/home\/#\/schema\/person\/371b985d047de95aa48ad817e1a429a2"},"headline":"Dorfflohmarkt in Gockenholz auch am neuen B\u00fcrgerhaus","datePublished":"2025-05-25T11:41:46+00:00","dateModified":"2025-05-25T11:53:39+00:00","mainEntityOfPage":{"@id":"https:\/\/gockenholz.de\/home\/2025\/05\/25\/dorfflohmarkt-in-gockenholz-auch-am-neuen-buergerhaus\/"},"wordCount":253,"publisher":{"@id":"https:\/\/gockenholz.de\/home\/#organization"},"image":{"@id":"https:\/\/gockenholz.de\/home\/2025\/05\/25\/dorfflohmarkt-in-gockenholz-auch-am-neuen-buergerhaus\/#primaryimage"},"thumbnailUrl":"https:\/\/gockenholz.de\/home\/wp-content\/uploads\/2023\/07\/PXL_20230702_101743047-scaled.jpg","articleSection":["Uncategorized"],"inLanguage":"de"},{"@type":"WebPage","@id":"https:\/\/gockenholz.de\/home\/2025\/05\/25\/dorfflohmarkt-in-gockenholz-auch-am-neuen-buergerhaus\/","url":"https:\/\/gockenholz.de\/home\/2025\/05\/25\/dorfflohmarkt-in-gockenholz-auch-am-neuen-buergerhaus\/","name":"Dorfflohmarkt in Gockenholz auch am neuen B\u00fcrgerhaus - gockenholz.de","isPartOf":{"@id":"https:\/\/gockenholz.de\/home\/#website"},"primaryImageOfPage":{"@id":"https:\/\/gockenholz.de\/home\/2025\/05\/25\/dorfflohmarkt-in-gockenholz-auch-am-neuen-buergerhaus\/#primaryimage"},"image":{"@id":"https:\/\/gockenholz.de\/home\/2025\/05\/25\/dorfflohmarkt-in-gockenholz-auch-am-neuen-buergerhaus\/#primaryimage"},"thumbnailUrl":"https:\/\/gockenholz.de\/home\/wp-content\/uploads\/2023\/07\/PXL_20230702_101743047-scaled.jpg","datePublished":"2025-05-25T11:41:46+00:00","dateModified":"2025-05-25T11:53:39+00:00","breadcrumb":{"@id":"https:\/\/gockenholz.de\/home\/2025\/05\/25\/dorfflohmarkt-in-gockenholz-auch-am-neuen-buergerhaus\/#breadcrumb"},"inLanguage":"de","potentialAction":[{"@type":"ReadAction","target":["https:\/\/gockenholz.de\/home\/2025\/05\/25\/dorfflohmarkt-in-gockenholz-auch-am-neuen-buergerhaus\/"]}]},{"@type":"ImageObject","inLanguage":"de","@id":"https:\/\/gockenholz.de\/home\/2025\/05\/25\/dorfflohmarkt-in-gockenholz-auch-am-neuen-buergerhaus\/#primaryimage","url":"https:\/\/gockenholz.de\/home\/wp-content\/uploads\/2023\/07\/PXL_20230702_101743047-scaled.jpg","contentUrl":"https:\/\/gockenholz.de\/home\/wp-content\/uploads\/2023\/07\/PXL_20230702_101743047-scaled.jpg","width":2560,"height":1928},{"@type":"BreadcrumbList","@id":"https:\/\/gockenholz.de\/home\/2025\/05\/25\/dorfflohmarkt-in-gockenholz-auch-am-neuen-buergerhaus\/#breadcrumb","itemListElement":[{"@type":"ListItem","position":1,"name":"Startseite","item":"https:\/\/gockenholz.de\/home\/willkommen-in-gockenholz\/"},{"@type":"ListItem","position":2,"name":"Dorfflohmarkt in Gockenholz auch am neuen B\u00fcrgerhaus"}]},{"@type":"WebSite","@id":"https:\/\/gockenholz.de\/home\/#website","url":"https:\/\/gockenholz.de\/home\/","name":"gockenholz.de","description":"Hier l\u00e4sst es sich leben!","publisher":{"@id":"https:\/\/gockenholz.de\/home\/#organization"},"potentialAction":[{"@type":"SearchAction","target":{"@type":"EntryPoint","urlTemplate":"https:\/\/gockenholz.de\/home\/?s={search_term_string}"},"query-input":{"@type":"PropertyValueSpecification","valueRequired":true,"valueName":"search_term_string"}}],"inLanguage":"de"},{"@type":"Organization","@id":"https:\/\/gockenholz.de\/home\/#organization","name":"B\u00fcrgerverein Gockenholz e. V.","url":"https:\/\/gockenholz.de\/home\/","logo":{"@type":"ImageObject","inLanguage":"de","@id":"https:\/\/gockenholz.de\/home\/#\/schema\/logo\/image\/","url":"https:\/\/gockenholz.de\/home\/wp-content\/uploads\/2023\/02\/gockenholz_fav.png","contentUrl":"https:\/\/gockenholz.de\/home\/wp-content\/uploads\/2023\/02\/gockenholz_fav.png","width":549,"height":550,"caption":"B\u00fcrgerverein Gockenholz e. V."},"image":{"@id":"https:\/\/gockenholz.de\/home\/#\/schema\/logo\/image\/"},"sameAs":["https:\/\/www.facebook.com\/Gockenholz\/"]},{"@type":"Person","@id":"https:\/\/gockenholz.de\/home\/#\/schema\/person\/371b985d047de95aa48ad817e1a429a2","name":"HoBu64","image":{"@type":"ImageObject","inLanguage":"de","@id":"https:\/\/secure.gravatar.com\/avatar\/391a58ebe914d2f8e349c99ae4feed3d85e33193e823ab3ed77d23bd5528d584?s=96&d=mm&r=g","url":"https:\/\/secure.gravatar.com\/avatar\/391a58ebe914d2f8e349c99ae4feed3d85e33193e823ab3ed77d23bd5528d584?s=96&d=mm&r=g","contentUrl":"https:\/\/secure.gravatar.com\/avatar\/391a58ebe914d2f8e349c99ae4feed3d85e33193e823ab3ed77d23bd5528d584?s=96&d=mm&r=g","caption":"HoBu64"},"url":"https:\/\/gockenholz.de\/home\/author\/hobu64\/"}]}},"jetpack_featured_media_url":"https:\/\/gockenholz.de\/home\/wp-content\/uploads\/2023\/07\/PXL_20230702_101743047-scaled.jpg","jetpack_sharing_enabled":true,"_links":{"self":[{"href":"https:\/\/gockenholz.de\/home\/wp-json\/wp\/v2\/posts\/1998","targetHints":{"allow":["GET"]}}],"collection":[{"href":"https:\/\/gockenholz.de\/home\/wp-json\/wp\/v2\/posts"}],"about":[{"href":"https:\/\/gockenholz.de\/home\/wp-json\/wp\/v2\/types\/post"}],"author":[{"embeddable":true,"href":"https:\/\/gockenholz.de\/home\/wp-json\/wp\/v2\/users\/5"}],"replies":[{"embeddable":true,"href":"https:\/\/gockenholz.de\/home\/wp-json\/wp\/v2\/comments?post=1998"}],"version-history":[{"count":2,"href":"https:\/\/gockenholz.de\/home\/wp-json\/wp\/v2\/posts\/1998\/revisions"}],"predecessor-version":[{"id":2000,"href":"https:\/\/gockenholz.de\/home\/wp-json\/wp\/v2\/posts\/1998\/revisions\/2000"}],"wp:featuredmedia":[{"embeddable":true,"href":"https:\/\/gockenholz.de\/home\/wp-json\/wp\/v2\/media\/1503"}],"wp:attachment":[{"href":"https:\/\/gockenholz.de\/home\/wp-json\/wp\/v2\/media?parent=1998"}],"wp:term":[{"taxonomy":"category","embeddable":true,"href":"https:\/\/gockenholz.de\/home\/wp-json\/wp\/v2\/categories?post=1998"},{"taxonomy":"post_tag","embeddable":true,"href":"https:\/\/gockenholz.de\/home\/wp-json\/wp\/v2\/tags?post=1998"}],"curies":[{"name":"wp","href":"https:\/\/api.w.org\/{rel}","templated":true}]}}