{"id":1919,"date":"2024-12-28T15:35:46","date_gmt":"2024-12-28T14:35:46","guid":{"rendered":"https:\/\/gockenholz.de\/home\/?p=1919"},"modified":"2025-01-18T12:45:25","modified_gmt":"2025-01-18T11:45:25","slug":"weihnachtsmark-gockenholz","status":"publish","type":"post","link":"https:\/\/gockenholz.de\/home\/2024\/12\/28\/weihnachtsmark-gockenholz\/","title":{"rendered":"Weihnachtsmarkt Gockenholz"},"content":{"rendered":"<p>\u00a0<\/p>\n<p>Es war wieder eine tolle Veranstaltung. Viele Gockenholzer\/Innen haben sich auf den Weg gemacht, um den Gockenholzer Weihnachtsmarkt am Vorabend des 2. Advents zu besuchen. Diese vorweihnachtliche Veranstaltung des B\u00fcrgervereins Gockenholz, Hand in Hand mit der \u00f6rtlichen Feuerwehr, hat wieder viele Leute zusammen gebracht. Am Feuerwehrhaus luden die festlich geschm\u00fcckten Buden unsere kleinen und gro\u00dfen Mitb\u00fcrger*innen dazu ein, bei allerlei Leckereien miteinander zu kl\u00f6nen, zu lachen und den Nachmittag bis in die fr\u00fchen Abendsunden zu genie\u00dfen.\u00a0 Bei hei\u00dfem Kakao, Kinderpunsch und frisch gebackenen Waffeln, freuten sich nicht nur die Kleinsten, \u00fcber die angebotenen Angebote in der Bastellounge. Der Gl\u00fchwein mit und ohne Schuss, der Gl\u00fchgin, die leckere Bratwurst oder auch das Schmalzbrot schmeckte allen. Auch der traditionelle Tannenbaum wurde wieder aufgestellt. Der mit viel Liebe und Geschick aufgebauter Adventskalender stand zur Versteigerung bereit. Schon ging das Getuschel los, was wohl in welchem Kistchen versteckt ist, der Inhalt stand repr\u00e4sentativ aufgebaut. Wer allerdings die T\u00fcrchen-Nummer ersp\u00e4hen wollte, hatte Pech. \u00dcberraschung bleibt \u00dcberraschung. Mit der Begr\u00fc\u00dfung hatte der 1. Vorsitzende des B\u00fcrgervereins nicht nur seinen Dank an die vielen Helfer von Feuerwehr, B\u00fcrgerverein und Hercules Mofa-Club Lachendorf und den Unterst\u00fctzern aus der Wirtschaft ausgesprochen. Er richtete seinen Dank auch explizit an alle Helfer*innen, die selbstlos spenden, basteln, dekorieren, dankte auch die, die organisieren, auf- und abbauen \u2013 ohne euch geht es einfach nicht! Er gab auch die Bewandtnis, die es mit dem Adventskalender auf sich hatte, preis. Unser stellv. B\u00fcrgermeister Charles M. Sievers, unterstrich in seinem kurzen Gru\u00dfwort auch noch einmal wie wichtig in der heutigen Zeit eine funktionierende Dorfgemeinschaft ist. Als dann die Versteigerung begann, boten Klein und Gro\u00df gerne mit, denn der Erl\u00f6s soll dem neuen B\u00fcrgerhaus zugutekommen.\u00a0 Diese Veranstaltung hat einmal mehr gezeigt wie dringend die Gockenholzer B\u00fcrger*innen sich darauf freuen, dass dieser Wunsch bald in Erf\u00fcllung geht. Vielleicht ist ja unsere Maifeier am 30. April die Er\u00f6ffnungsfeier des B\u00fcrgerhauses. Es w\u00e4re sch\u00f6n. \u00a0Nun w\u00fcnschen wir allen Mitb\u00fcrger*innen ob klein oder gro\u00df, ein gesundes Neues Jahr. \u00a0<\/p>\n<p>Die Sponsorenliste, die Termine f\u00fcr 2025 und der Baufortschritt unseres B\u00fcrgerhauses werden laufend unter <a href=\"http:\/\/www.gockenholz.de\">www.gockenholz.de<\/a> ver\u00f6ffentlicht.<\/p>\n<p>Vielen Dank an alle Sponsoren, die uns unterst\u00fctzt haben:<\/p>\n<p><a href=\"https:\/\/gockenholz.de\/home\/wp-content\/uploads\/2024\/12\/W-Sponsoren-2024.pdf\">W Sponsoren 2024<\/a><\/p>\n\n\n<p><\/p>\n","protected":false},"excerpt":{"rendered":"<p>\u00a0 Es war wieder eine tolle Veranstaltung. Viele Gockenholzer\/Innen haben sich auf den Weg gemacht, um den Gockenholzer Weihnachtsmarkt am Vorabend des 2. Advents zu besuchen. Diese vorweihnachtliche Veranstaltung des [&hellip;]<\/p>\n","protected":false},"author":5,"featured_media":1921,"comment_status":"closed","ping_status":"open","sticky":false,"template":"","format":"standard","meta":{"_jetpack_memberships_contains_paid_content":false,"footnotes":""},"categories":[1],"tags":[],"class_list":["post-1919","post","type-post","status-publish","format-standard","has-post-thumbnail","hentry","category-uncategorized"],"yoast_head":"<!-- This site is optimized with the Yoast SEO plugin v27.5 - https:\/\/yoast.com\/product\/yoast-seo-wordpress\/ -->\n<title>Weihnachtsmarkt Gockenholz - gockenholz.de<\/title>\n<meta name=\"robots\" content=\"index, follow, max-snippet:-1, max-image-preview:large, max-video-preview:-1\" \/>\n<link rel=\"canonical\" href=\"https:\/\/gockenholz.de\/home\/2024\/12\/28\/weihnachtsmark-gockenholz\/\" \/>\n<meta property=\"og:locale\" content=\"de_DE\" \/>\n<meta property=\"og:type\" content=\"article\" \/>\n<meta property=\"og:title\" content=\"Weihnachtsmarkt Gockenholz - gockenholz.de\" \/>\n<meta property=\"og:description\" content=\"\u00a0 Es war wieder eine tolle Veranstaltung. Viele Gockenholzer\/Innen haben sich auf den Weg gemacht, um den Gockenholzer Weihnachtsmarkt am Vorabend des 2. Advents zu besuchen. Diese vorweihnachtliche Veranstaltung des [&hellip;]\" \/>\n<meta property=\"og:url\" content=\"https:\/\/gockenholz.de\/home\/2024\/12\/28\/weihnachtsmark-gockenholz\/\" \/>\n<meta property=\"og:site_name\" content=\"gockenholz.de\" \/>\n<meta property=\"article:publisher\" content=\"https:\/\/www.facebook.com\/Gockenholz\/\" \/>\n<meta property=\"article:published_time\" content=\"2024-12-28T14:35:46+00:00\" \/>\n<meta property=\"article:modified_time\" content=\"2025-01-18T11:45:25+00:00\" \/>\n<meta property=\"og:image\" content=\"https:\/\/gockenholz.de\/home\/wp-content\/uploads\/2024\/12\/2024-Bastelstube-2-1030x849.jpg\" \/>\n\t<meta property=\"og:image:width\" content=\"1030\" \/>\n\t<meta property=\"og:image:height\" content=\"849\" \/>\n\t<meta property=\"og:image:type\" content=\"image\/jpeg\" \/>\n<meta name=\"author\" content=\"HoBu64\" \/>\n<meta name=\"twitter:card\" content=\"summary_large_image\" \/>\n<meta name=\"twitter:label1\" content=\"Verfasst von\" \/>\n\t<meta name=\"twitter:data1\" content=\"HoBu64\" \/>\n<script type=\"application\/ld+json\" class=\"yoast-schema-graph\">{\"@context\":\"https:\\\/\\\/schema.org\",\"@graph\":[{\"@type\":\"Article\",\"@id\":\"https:\\\/\\\/gockenholz.de\\\/home\\\/2024\\\/12\\\/28\\\/weihnachtsmark-gockenholz\\\/#article\",\"isPartOf\":{\"@id\":\"https:\\\/\\\/gockenholz.de\\\/home\\\/2024\\\/12\\\/28\\\/weihnachtsmark-gockenholz\\\/\"},\"author\":{\"name\":\"HoBu64\",\"@id\":\"https:\\\/\\\/gockenholz.de\\\/home\\\/#\\\/schema\\\/person\\\/371b985d047de95aa48ad817e1a429a2\"},\"headline\":\"Weihnachtsmarkt Gockenholz\",\"datePublished\":\"2024-12-28T14:35:46+00:00\",\"dateModified\":\"2025-01-18T11:45:25+00:00\",\"mainEntityOfPage\":{\"@id\":\"https:\\\/\\\/gockenholz.de\\\/home\\\/2024\\\/12\\\/28\\\/weihnachtsmark-gockenholz\\\/\"},\"wordCount\":391,\"publisher\":{\"@id\":\"https:\\\/\\\/gockenholz.de\\\/home\\\/#organization\"},\"image\":{\"@id\":\"https:\\\/\\\/gockenholz.de\\\/home\\\/2024\\\/12\\\/28\\\/weihnachtsmark-gockenholz\\\/#primaryimage\"},\"thumbnailUrl\":\"https:\\\/\\\/gockenholz.de\\\/home\\\/wp-content\\\/uploads\\\/2024\\\/12\\\/2024-Bastelstube-2-scaled.jpg\",\"articleSection\":[\"Uncategorized\"],\"inLanguage\":\"de\"},{\"@type\":\"WebPage\",\"@id\":\"https:\\\/\\\/gockenholz.de\\\/home\\\/2024\\\/12\\\/28\\\/weihnachtsmark-gockenholz\\\/\",\"url\":\"https:\\\/\\\/gockenholz.de\\\/home\\\/2024\\\/12\\\/28\\\/weihnachtsmark-gockenholz\\\/\",\"name\":\"Weihnachtsmarkt Gockenholz - gockenholz.de\",\"isPartOf\":{\"@id\":\"https:\\\/\\\/gockenholz.de\\\/home\\\/#website\"},\"primaryImageOfPage\":{\"@id\":\"https:\\\/\\\/gockenholz.de\\\/home\\\/2024\\\/12\\\/28\\\/weihnachtsmark-gockenholz\\\/#primaryimage\"},\"image\":{\"@id\":\"https:\\\/\\\/gockenholz.de\\\/home\\\/2024\\\/12\\\/28\\\/weihnachtsmark-gockenholz\\\/#primaryimage\"},\"thumbnailUrl\":\"https:\\\/\\\/gockenholz.de\\\/home\\\/wp-content\\\/uploads\\\/2024\\\/12\\\/2024-Bastelstube-2-scaled.jpg\",\"datePublished\":\"2024-12-28T14:35:46+00:00\",\"dateModified\":\"2025-01-18T11:45:25+00:00\",\"breadcrumb\":{\"@id\":\"https:\\\/\\\/gockenholz.de\\\/home\\\/2024\\\/12\\\/28\\\/weihnachtsmark-gockenholz\\\/#breadcrumb\"},\"inLanguage\":\"de\",\"potentialAction\":[{\"@type\":\"ReadAction\",\"target\":[\"https:\\\/\\\/gockenholz.de\\\/home\\\/2024\\\/12\\\/28\\\/weihnachtsmark-gockenholz\\\/\"]}]},{\"@type\":\"ImageObject\",\"inLanguage\":\"de\",\"@id\":\"https:\\\/\\\/gockenholz.de\\\/home\\\/2024\\\/12\\\/28\\\/weihnachtsmark-gockenholz\\\/#primaryimage\",\"url\":\"https:\\\/\\\/gockenholz.de\\\/home\\\/wp-content\\\/uploads\\\/2024\\\/12\\\/2024-Bastelstube-2-scaled.jpg\",\"contentUrl\":\"https:\\\/\\\/gockenholz.de\\\/home\\\/wp-content\\\/uploads\\\/2024\\\/12\\\/2024-Bastelstube-2-scaled.jpg\",\"width\":2560,\"height\":2110},{\"@type\":\"BreadcrumbList\",\"@id\":\"https:\\\/\\\/gockenholz.de\\\/home\\\/2024\\\/12\\\/28\\\/weihnachtsmark-gockenholz\\\/#breadcrumb\",\"itemListElement\":[{\"@type\":\"ListItem\",\"position\":1,\"name\":\"Startseite\",\"item\":\"https:\\\/\\\/gockenholz.de\\\/home\\\/willkommen-in-gockenholz\\\/\"},{\"@type\":\"ListItem\",\"position\":2,\"name\":\"Weihnachtsmarkt Gockenholz\"}]},{\"@type\":\"WebSite\",\"@id\":\"https:\\\/\\\/gockenholz.de\\\/home\\\/#website\",\"url\":\"https:\\\/\\\/gockenholz.de\\\/home\\\/\",\"name\":\"gockenholz.de\",\"description\":\"Hier l\u00e4sst es sich leben!\",\"publisher\":{\"@id\":\"https:\\\/\\\/gockenholz.de\\\/home\\\/#organization\"},\"potentialAction\":[{\"@type\":\"SearchAction\",\"target\":{\"@type\":\"EntryPoint\",\"urlTemplate\":\"https:\\\/\\\/gockenholz.de\\\/home\\\/?s={search_term_string}\"},\"query-input\":{\"@type\":\"PropertyValueSpecification\",\"valueRequired\":true,\"valueName\":\"search_term_string\"}}],\"inLanguage\":\"de\"},{\"@type\":\"Organization\",\"@id\":\"https:\\\/\\\/gockenholz.de\\\/home\\\/#organization\",\"name\":\"B\u00fcrgerverein Gockenholz e. V.\",\"url\":\"https:\\\/\\\/gockenholz.de\\\/home\\\/\",\"logo\":{\"@type\":\"ImageObject\",\"inLanguage\":\"de\",\"@id\":\"https:\\\/\\\/gockenholz.de\\\/home\\\/#\\\/schema\\\/logo\\\/image\\\/\",\"url\":\"https:\\\/\\\/gockenholz.de\\\/home\\\/wp-content\\\/uploads\\\/2023\\\/02\\\/gockenholz_fav.png\",\"contentUrl\":\"https:\\\/\\\/gockenholz.de\\\/home\\\/wp-content\\\/uploads\\\/2023\\\/02\\\/gockenholz_fav.png\",\"width\":549,\"height\":550,\"caption\":\"B\u00fcrgerverein Gockenholz e. V.\"},\"image\":{\"@id\":\"https:\\\/\\\/gockenholz.de\\\/home\\\/#\\\/schema\\\/logo\\\/image\\\/\"},\"sameAs\":[\"https:\\\/\\\/www.facebook.com\\\/Gockenholz\\\/\"]},{\"@type\":\"Person\",\"@id\":\"https:\\\/\\\/gockenholz.de\\\/home\\\/#\\\/schema\\\/person\\\/371b985d047de95aa48ad817e1a429a2\",\"name\":\"HoBu64\",\"image\":{\"@type\":\"ImageObject\",\"inLanguage\":\"de\",\"@id\":\"https:\\\/\\\/secure.gravatar.com\\\/avatar\\\/391a58ebe914d2f8e349c99ae4feed3d85e33193e823ab3ed77d23bd5528d584?s=96&d=mm&r=g\",\"url\":\"https:\\\/\\\/secure.gravatar.com\\\/avatar\\\/391a58ebe914d2f8e349c99ae4feed3d85e33193e823ab3ed77d23bd5528d584?s=96&d=mm&r=g\",\"contentUrl\":\"https:\\\/\\\/secure.gravatar.com\\\/avatar\\\/391a58ebe914d2f8e349c99ae4feed3d85e33193e823ab3ed77d23bd5528d584?s=96&d=mm&r=g\",\"caption\":\"HoBu64\"},\"url\":\"https:\\\/\\\/gockenholz.de\\\/home\\\/author\\\/hobu64\\\/\"}]}<\/script>\n<!-- \/ Yoast SEO plugin. -->","yoast_head_json":{"title":"Weihnachtsmarkt Gockenholz - gockenholz.de","robots":{"index":"index","follow":"follow","max-snippet":"max-snippet:-1","max-image-preview":"max-image-preview:large","max-video-preview":"max-video-preview:-1"},"canonical":"https:\/\/gockenholz.de\/home\/2024\/12\/28\/weihnachtsmark-gockenholz\/","og_locale":"de_DE","og_type":"article","og_title":"Weihnachtsmarkt Gockenholz - gockenholz.de","og_description":"\u00a0 Es war wieder eine tolle Veranstaltung. Viele Gockenholzer\/Innen haben sich auf den Weg gemacht, um den Gockenholzer Weihnachtsmarkt am Vorabend des 2. Advents zu besuchen. Diese vorweihnachtliche Veranstaltung des [&hellip;]","og_url":"https:\/\/gockenholz.de\/home\/2024\/12\/28\/weihnachtsmark-gockenholz\/","og_site_name":"gockenholz.de","article_publisher":"https:\/\/www.facebook.com\/Gockenholz\/","article_published_time":"2024-12-28T14:35:46+00:00","article_modified_time":"2025-01-18T11:45:25+00:00","og_image":[{"width":1030,"height":849,"url":"https:\/\/gockenholz.de\/home\/wp-content\/uploads\/2024\/12\/2024-Bastelstube-2-1030x849.jpg","type":"image\/jpeg"}],"author":"HoBu64","twitter_card":"summary_large_image","twitter_misc":{"Verfasst von":"HoBu64"},"schema":{"@context":"https:\/\/schema.org","@graph":[{"@type":"Article","@id":"https:\/\/gockenholz.de\/home\/2024\/12\/28\/weihnachtsmark-gockenholz\/#article","isPartOf":{"@id":"https:\/\/gockenholz.de\/home\/2024\/12\/28\/weihnachtsmark-gockenholz\/"},"author":{"name":"HoBu64","@id":"https:\/\/gockenholz.de\/home\/#\/schema\/person\/371b985d047de95aa48ad817e1a429a2"},"headline":"Weihnachtsmarkt Gockenholz","datePublished":"2024-12-28T14:35:46+00:00","dateModified":"2025-01-18T11:45:25+00:00","mainEntityOfPage":{"@id":"https:\/\/gockenholz.de\/home\/2024\/12\/28\/weihnachtsmark-gockenholz\/"},"wordCount":391,"publisher":{"@id":"https:\/\/gockenholz.de\/home\/#organization"},"image":{"@id":"https:\/\/gockenholz.de\/home\/2024\/12\/28\/weihnachtsmark-gockenholz\/#primaryimage"},"thumbnailUrl":"https:\/\/gockenholz.de\/home\/wp-content\/uploads\/2024\/12\/2024-Bastelstube-2-scaled.jpg","articleSection":["Uncategorized"],"inLanguage":"de"},{"@type":"WebPage","@id":"https:\/\/gockenholz.de\/home\/2024\/12\/28\/weihnachtsmark-gockenholz\/","url":"https:\/\/gockenholz.de\/home\/2024\/12\/28\/weihnachtsmark-gockenholz\/","name":"Weihnachtsmarkt Gockenholz - gockenholz.de","isPartOf":{"@id":"https:\/\/gockenholz.de\/home\/#website"},"primaryImageOfPage":{"@id":"https:\/\/gockenholz.de\/home\/2024\/12\/28\/weihnachtsmark-gockenholz\/#primaryimage"},"image":{"@id":"https:\/\/gockenholz.de\/home\/2024\/12\/28\/weihnachtsmark-gockenholz\/#primaryimage"},"thumbnailUrl":"https:\/\/gockenholz.de\/home\/wp-content\/uploads\/2024\/12\/2024-Bastelstube-2-scaled.jpg","datePublished":"2024-12-28T14:35:46+00:00","dateModified":"2025-01-18T11:45:25+00:00","breadcrumb":{"@id":"https:\/\/gockenholz.de\/home\/2024\/12\/28\/weihnachtsmark-gockenholz\/#breadcrumb"},"inLanguage":"de","potentialAction":[{"@type":"ReadAction","target":["https:\/\/gockenholz.de\/home\/2024\/12\/28\/weihnachtsmark-gockenholz\/"]}]},{"@type":"ImageObject","inLanguage":"de","@id":"https:\/\/gockenholz.de\/home\/2024\/12\/28\/weihnachtsmark-gockenholz\/#primaryimage","url":"https:\/\/gockenholz.de\/home\/wp-content\/uploads\/2024\/12\/2024-Bastelstube-2-scaled.jpg","contentUrl":"https:\/\/gockenholz.de\/home\/wp-content\/uploads\/2024\/12\/2024-Bastelstube-2-scaled.jpg","width":2560,"height":2110},{"@type":"BreadcrumbList","@id":"https:\/\/gockenholz.de\/home\/2024\/12\/28\/weihnachtsmark-gockenholz\/#breadcrumb","itemListElement":[{"@type":"ListItem","position":1,"name":"Startseite","item":"https:\/\/gockenholz.de\/home\/willkommen-in-gockenholz\/"},{"@type":"ListItem","position":2,"name":"Weihnachtsmarkt Gockenholz"}]},{"@type":"WebSite","@id":"https:\/\/gockenholz.de\/home\/#website","url":"https:\/\/gockenholz.de\/home\/","name":"gockenholz.de","description":"Hier l\u00e4sst es sich leben!","publisher":{"@id":"https:\/\/gockenholz.de\/home\/#organization"},"potentialAction":[{"@type":"SearchAction","target":{"@type":"EntryPoint","urlTemplate":"https:\/\/gockenholz.de\/home\/?s={search_term_string}"},"query-input":{"@type":"PropertyValueSpecification","valueRequired":true,"valueName":"search_term_string"}}],"inLanguage":"de"},{"@type":"Organization","@id":"https:\/\/gockenholz.de\/home\/#organization","name":"B\u00fcrgerverein Gockenholz e. V.","url":"https:\/\/gockenholz.de\/home\/","logo":{"@type":"ImageObject","inLanguage":"de","@id":"https:\/\/gockenholz.de\/home\/#\/schema\/logo\/image\/","url":"https:\/\/gockenholz.de\/home\/wp-content\/uploads\/2023\/02\/gockenholz_fav.png","contentUrl":"https:\/\/gockenholz.de\/home\/wp-content\/uploads\/2023\/02\/gockenholz_fav.png","width":549,"height":550,"caption":"B\u00fcrgerverein Gockenholz e. V."},"image":{"@id":"https:\/\/gockenholz.de\/home\/#\/schema\/logo\/image\/"},"sameAs":["https:\/\/www.facebook.com\/Gockenholz\/"]},{"@type":"Person","@id":"https:\/\/gockenholz.de\/home\/#\/schema\/person\/371b985d047de95aa48ad817e1a429a2","name":"HoBu64","image":{"@type":"ImageObject","inLanguage":"de","@id":"https:\/\/secure.gravatar.com\/avatar\/391a58ebe914d2f8e349c99ae4feed3d85e33193e823ab3ed77d23bd5528d584?s=96&d=mm&r=g","url":"https:\/\/secure.gravatar.com\/avatar\/391a58ebe914d2f8e349c99ae4feed3d85e33193e823ab3ed77d23bd5528d584?s=96&d=mm&r=g","contentUrl":"https:\/\/secure.gravatar.com\/avatar\/391a58ebe914d2f8e349c99ae4feed3d85e33193e823ab3ed77d23bd5528d584?s=96&d=mm&r=g","caption":"HoBu64"},"url":"https:\/\/gockenholz.de\/home\/author\/hobu64\/"}]}},"jetpack_featured_media_url":"https:\/\/gockenholz.de\/home\/wp-content\/uploads\/2024\/12\/2024-Bastelstube-2-scaled.jpg","jetpack_sharing_enabled":true,"_links":{"self":[{"href":"https:\/\/gockenholz.de\/home\/wp-json\/wp\/v2\/posts\/1919","targetHints":{"allow":["GET"]}}],"collection":[{"href":"https:\/\/gockenholz.de\/home\/wp-json\/wp\/v2\/posts"}],"about":[{"href":"https:\/\/gockenholz.de\/home\/wp-json\/wp\/v2\/types\/post"}],"author":[{"embeddable":true,"href":"https:\/\/gockenholz.de\/home\/wp-json\/wp\/v2\/users\/5"}],"replies":[{"embeddable":true,"href":"https:\/\/gockenholz.de\/home\/wp-json\/wp\/v2\/comments?post=1919"}],"version-history":[{"count":2,"href":"https:\/\/gockenholz.de\/home\/wp-json\/wp\/v2\/posts\/1919\/revisions"}],"predecessor-version":[{"id":1924,"href":"https:\/\/gockenholz.de\/home\/wp-json\/wp\/v2\/posts\/1919\/revisions\/1924"}],"wp:featuredmedia":[{"embeddable":true,"href":"https:\/\/gockenholz.de\/home\/wp-json\/wp\/v2\/media\/1921"}],"wp:attachment":[{"href":"https:\/\/gockenholz.de\/home\/wp-json\/wp\/v2\/media?parent=1919"}],"wp:term":[{"taxonomy":"category","embeddable":true,"href":"https:\/\/gockenholz.de\/home\/wp-json\/wp\/v2\/categories?post=1919"},{"taxonomy":"post_tag","embeddable":true,"href":"https:\/\/gockenholz.de\/home\/wp-json\/wp\/v2\/tags?post=1919"}],"curies":[{"name":"wp","href":"https:\/\/api.w.org\/{rel}","templated":true}]}}