{"id":178,"date":"2022-04-17T12:00:00","date_gmt":"2022-04-17T10:00:00","guid":{"rendered":"http:\/\/www.gockenholz.de\/?p=178"},"modified":"2022-04-17T12:00:00","modified_gmt":"2022-04-17T10:00:00","slug":"osterfeuer-2022","status":"publish","type":"post","link":"https:\/\/gockenholz.de\/home\/2022\/04\/17\/osterfeuer-2022\/","title":{"rendered":"R\u00fcckblick Osterfeuer 2022"},"content":{"rendered":"\n<pre class=\"wp-block-preformatted has-text-color\" style=\"color:#b04d22;font-size:16px;font-style:normal;font-weight:400\">Das Osterfeuer hat viele G\u00e4ste aus Gockenholz und den umliegenden D\u00f6rfern angezogen.\nAm Ostersamstag um 19 Uhr wurden von der Feuerwehr Fackeln an kleine und gro\u00dfe G\u00e4ste verteilt. Unter der Absicherung durch Feuerwehrmitglieder aus Beedenbostel und Gockenholz wurden die Fackeln angez\u00fcndet. Durch die Fackell\u00e4ufer wurde das Osterfeuer auf dem neuen Osterfeuerplatz entz\u00fcndet.\n\nDie Verpflegung wurde durch die Feuerwehr Gockenholz sichergestellt. Der B\u00fcrgerverein Gockenholz hat selbstgebackene Muffins gegen eine Spende angeboten.\nVor Ort herrschte eine ausgelassene Stimmung.\n\nVielen Dank an alle, die daf\u00fcr gesorgt haben, dass dieser tolle Abend stattfinden durfte!\n<\/pre>\n","protected":false},"excerpt":{"rendered":"<p>Das Osterfeuer hat viele G\u00e4ste aus Gockenholz und den umliegenden D\u00f6rfern angezogen. Am Ostersamstag um 19 Uhr wurden von der Feuerwehr Fackeln an kleine und gro\u00dfe G\u00e4ste verteilt. Unter der [&hellip;]<\/p>\n","protected":false},"author":3,"featured_media":393,"comment_status":"closed","ping_status":"closed","sticky":false,"template":"","format":"standard","meta":{"_jetpack_memberships_contains_paid_content":false,"footnotes":""},"categories":[1],"tags":[],"class_list":["post-178","post","type-post","status-publish","format-standard","has-post-thumbnail","hentry","category-uncategorized"],"yoast_head":"<!-- This site is optimized with the Yoast SEO plugin v27.5 - https:\/\/yoast.com\/product\/yoast-seo-wordpress\/ -->\n<title>R\u00fcckblick Osterfeuer 2022 - gockenholz.de<\/title>\n<meta name=\"robots\" content=\"index, follow, max-snippet:-1, max-image-preview:large, max-video-preview:-1\" \/>\n<link rel=\"canonical\" href=\"https:\/\/gockenholz.de\/home\/2022\/04\/17\/osterfeuer-2022\/\" \/>\n<meta property=\"og:locale\" content=\"de_DE\" \/>\n<meta property=\"og:type\" content=\"article\" \/>\n<meta property=\"og:title\" content=\"R\u00fcckblick Osterfeuer 2022 - gockenholz.de\" \/>\n<meta property=\"og:description\" content=\"Das Osterfeuer hat viele G\u00e4ste aus Gockenholz und den umliegenden D\u00f6rfern angezogen. Am Ostersamstag um 19 Uhr wurden von der Feuerwehr Fackeln an kleine und gro\u00dfe G\u00e4ste verteilt. Unter der [&hellip;]\" \/>\n<meta property=\"og:url\" content=\"https:\/\/gockenholz.de\/home\/2022\/04\/17\/osterfeuer-2022\/\" \/>\n<meta property=\"og:site_name\" content=\"gockenholz.de\" \/>\n<meta property=\"article:publisher\" content=\"https:\/\/www.facebook.com\/Gockenholz\/\" \/>\n<meta property=\"article:published_time\" content=\"2022-04-17T10:00:00+00:00\" \/>\n<meta property=\"og:image\" content=\"https:\/\/gockenholz.de\/home\/wp-content\/uploads\/2022\/04\/20220416_193530_03-scaled-1.jpg\" \/>\n\t<meta property=\"og:image:width\" content=\"2560\" \/>\n\t<meta property=\"og:image:height\" content=\"2560\" \/>\n\t<meta property=\"og:image:type\" content=\"image\/jpeg\" \/>\n<meta name=\"author\" content=\"Horst\" \/>\n<meta name=\"twitter:card\" content=\"summary_large_image\" \/>\n<meta name=\"twitter:label1\" content=\"Verfasst von\" \/>\n\t<meta name=\"twitter:data1\" content=\"Horst\" \/>\n<script type=\"application\/ld+json\" class=\"yoast-schema-graph\">{\"@context\":\"https:\\\/\\\/schema.org\",\"@graph\":[{\"@type\":\"Article\",\"@id\":\"https:\\\/\\\/gockenholz.de\\\/home\\\/2022\\\/04\\\/17\\\/osterfeuer-2022\\\/#article\",\"isPartOf\":{\"@id\":\"https:\\\/\\\/gockenholz.de\\\/home\\\/2022\\\/04\\\/17\\\/osterfeuer-2022\\\/\"},\"author\":{\"name\":\"Horst\",\"@id\":\"https:\\\/\\\/gockenholz.de\\\/home\\\/#\\\/schema\\\/person\\\/b263b91fdbff604bb1116e7b138b6cec\"},\"headline\":\"R\u00fcckblick Osterfeuer 2022\",\"datePublished\":\"2022-04-17T10:00:00+00:00\",\"mainEntityOfPage\":{\"@id\":\"https:\\\/\\\/gockenholz.de\\\/home\\\/2022\\\/04\\\/17\\\/osterfeuer-2022\\\/\"},\"wordCount\":3,\"publisher\":{\"@id\":\"https:\\\/\\\/gockenholz.de\\\/home\\\/#organization\"},\"image\":{\"@id\":\"https:\\\/\\\/gockenholz.de\\\/home\\\/2022\\\/04\\\/17\\\/osterfeuer-2022\\\/#primaryimage\"},\"thumbnailUrl\":\"https:\\\/\\\/gockenholz.de\\\/home\\\/wp-content\\\/uploads\\\/2022\\\/04\\\/20220416_193530_03-scaled-1.jpg\",\"articleSection\":[\"Uncategorized\"],\"inLanguage\":\"de\"},{\"@type\":\"WebPage\",\"@id\":\"https:\\\/\\\/gockenholz.de\\\/home\\\/2022\\\/04\\\/17\\\/osterfeuer-2022\\\/\",\"url\":\"https:\\\/\\\/gockenholz.de\\\/home\\\/2022\\\/04\\\/17\\\/osterfeuer-2022\\\/\",\"name\":\"R\u00fcckblick Osterfeuer 2022 - gockenholz.de\",\"isPartOf\":{\"@id\":\"https:\\\/\\\/gockenholz.de\\\/home\\\/#website\"},\"primaryImageOfPage\":{\"@id\":\"https:\\\/\\\/gockenholz.de\\\/home\\\/2022\\\/04\\\/17\\\/osterfeuer-2022\\\/#primaryimage\"},\"image\":{\"@id\":\"https:\\\/\\\/gockenholz.de\\\/home\\\/2022\\\/04\\\/17\\\/osterfeuer-2022\\\/#primaryimage\"},\"thumbnailUrl\":\"https:\\\/\\\/gockenholz.de\\\/home\\\/wp-content\\\/uploads\\\/2022\\\/04\\\/20220416_193530_03-scaled-1.jpg\",\"datePublished\":\"2022-04-17T10:00:00+00:00\",\"breadcrumb\":{\"@id\":\"https:\\\/\\\/gockenholz.de\\\/home\\\/2022\\\/04\\\/17\\\/osterfeuer-2022\\\/#breadcrumb\"},\"inLanguage\":\"de\",\"potentialAction\":[{\"@type\":\"ReadAction\",\"target\":[\"https:\\\/\\\/gockenholz.de\\\/home\\\/2022\\\/04\\\/17\\\/osterfeuer-2022\\\/\"]}]},{\"@type\":\"ImageObject\",\"inLanguage\":\"de\",\"@id\":\"https:\\\/\\\/gockenholz.de\\\/home\\\/2022\\\/04\\\/17\\\/osterfeuer-2022\\\/#primaryimage\",\"url\":\"https:\\\/\\\/gockenholz.de\\\/home\\\/wp-content\\\/uploads\\\/2022\\\/04\\\/20220416_193530_03-scaled-1.jpg\",\"contentUrl\":\"https:\\\/\\\/gockenholz.de\\\/home\\\/wp-content\\\/uploads\\\/2022\\\/04\\\/20220416_193530_03-scaled-1.jpg\",\"width\":2560,\"height\":2560},{\"@type\":\"BreadcrumbList\",\"@id\":\"https:\\\/\\\/gockenholz.de\\\/home\\\/2022\\\/04\\\/17\\\/osterfeuer-2022\\\/#breadcrumb\",\"itemListElement\":[{\"@type\":\"ListItem\",\"position\":1,\"name\":\"Startseite\",\"item\":\"https:\\\/\\\/gockenholz.de\\\/home\\\/willkommen-in-gockenholz\\\/\"},{\"@type\":\"ListItem\",\"position\":2,\"name\":\"R\u00fcckblick Osterfeuer 2022\"}]},{\"@type\":\"WebSite\",\"@id\":\"https:\\\/\\\/gockenholz.de\\\/home\\\/#website\",\"url\":\"https:\\\/\\\/gockenholz.de\\\/home\\\/\",\"name\":\"gockenholz.de\",\"description\":\"Hier l\u00e4sst es sich leben!\",\"publisher\":{\"@id\":\"https:\\\/\\\/gockenholz.de\\\/home\\\/#organization\"},\"potentialAction\":[{\"@type\":\"SearchAction\",\"target\":{\"@type\":\"EntryPoint\",\"urlTemplate\":\"https:\\\/\\\/gockenholz.de\\\/home\\\/?s={search_term_string}\"},\"query-input\":{\"@type\":\"PropertyValueSpecification\",\"valueRequired\":true,\"valueName\":\"search_term_string\"}}],\"inLanguage\":\"de\"},{\"@type\":\"Organization\",\"@id\":\"https:\\\/\\\/gockenholz.de\\\/home\\\/#organization\",\"name\":\"B\u00fcrgerverein Gockenholz e. V.\",\"url\":\"https:\\\/\\\/gockenholz.de\\\/home\\\/\",\"logo\":{\"@type\":\"ImageObject\",\"inLanguage\":\"de\",\"@id\":\"https:\\\/\\\/gockenholz.de\\\/home\\\/#\\\/schema\\\/logo\\\/image\\\/\",\"url\":\"https:\\\/\\\/gockenholz.de\\\/home\\\/wp-content\\\/uploads\\\/2023\\\/02\\\/gockenholz_fav.png\",\"contentUrl\":\"https:\\\/\\\/gockenholz.de\\\/home\\\/wp-content\\\/uploads\\\/2023\\\/02\\\/gockenholz_fav.png\",\"width\":549,\"height\":550,\"caption\":\"B\u00fcrgerverein Gockenholz e. V.\"},\"image\":{\"@id\":\"https:\\\/\\\/gockenholz.de\\\/home\\\/#\\\/schema\\\/logo\\\/image\\\/\"},\"sameAs\":[\"https:\\\/\\\/www.facebook.com\\\/Gockenholz\\\/\"]},{\"@type\":\"Person\",\"@id\":\"https:\\\/\\\/gockenholz.de\\\/home\\\/#\\\/schema\\\/person\\\/b263b91fdbff604bb1116e7b138b6cec\",\"name\":\"Horst\",\"image\":{\"@type\":\"ImageObject\",\"inLanguage\":\"de\",\"@id\":\"https:\\\/\\\/secure.gravatar.com\\\/avatar\\\/936755aa18f18d7ead07dcb659d6901f726d97d52ed4112efc289aea5f037957?s=96&d=mm&r=g\",\"url\":\"https:\\\/\\\/secure.gravatar.com\\\/avatar\\\/936755aa18f18d7ead07dcb659d6901f726d97d52ed4112efc289aea5f037957?s=96&d=mm&r=g\",\"contentUrl\":\"https:\\\/\\\/secure.gravatar.com\\\/avatar\\\/936755aa18f18d7ead07dcb659d6901f726d97d52ed4112efc289aea5f037957?s=96&d=mm&r=g\",\"caption\":\"Horst\"},\"url\":\"https:\\\/\\\/gockenholz.de\\\/home\\\/author\\\/horst\\\/\"}]}<\/script>\n<!-- \/ Yoast SEO plugin. -->","yoast_head_json":{"title":"R\u00fcckblick Osterfeuer 2022 - gockenholz.de","robots":{"index":"index","follow":"follow","max-snippet":"max-snippet:-1","max-image-preview":"max-image-preview:large","max-video-preview":"max-video-preview:-1"},"canonical":"https:\/\/gockenholz.de\/home\/2022\/04\/17\/osterfeuer-2022\/","og_locale":"de_DE","og_type":"article","og_title":"R\u00fcckblick Osterfeuer 2022 - gockenholz.de","og_description":"Das Osterfeuer hat viele G\u00e4ste aus Gockenholz und den umliegenden D\u00f6rfern angezogen. Am Ostersamstag um 19 Uhr wurden von der Feuerwehr Fackeln an kleine und gro\u00dfe G\u00e4ste verteilt. Unter der [&hellip;]","og_url":"https:\/\/gockenholz.de\/home\/2022\/04\/17\/osterfeuer-2022\/","og_site_name":"gockenholz.de","article_publisher":"https:\/\/www.facebook.com\/Gockenholz\/","article_published_time":"2022-04-17T10:00:00+00:00","og_image":[{"width":2560,"height":2560,"url":"https:\/\/gockenholz.de\/home\/wp-content\/uploads\/2022\/04\/20220416_193530_03-scaled-1.jpg","type":"image\/jpeg"}],"author":"Horst","twitter_card":"summary_large_image","twitter_misc":{"Verfasst von":"Horst"},"schema":{"@context":"https:\/\/schema.org","@graph":[{"@type":"Article","@id":"https:\/\/gockenholz.de\/home\/2022\/04\/17\/osterfeuer-2022\/#article","isPartOf":{"@id":"https:\/\/gockenholz.de\/home\/2022\/04\/17\/osterfeuer-2022\/"},"author":{"name":"Horst","@id":"https:\/\/gockenholz.de\/home\/#\/schema\/person\/b263b91fdbff604bb1116e7b138b6cec"},"headline":"R\u00fcckblick Osterfeuer 2022","datePublished":"2022-04-17T10:00:00+00:00","mainEntityOfPage":{"@id":"https:\/\/gockenholz.de\/home\/2022\/04\/17\/osterfeuer-2022\/"},"wordCount":3,"publisher":{"@id":"https:\/\/gockenholz.de\/home\/#organization"},"image":{"@id":"https:\/\/gockenholz.de\/home\/2022\/04\/17\/osterfeuer-2022\/#primaryimage"},"thumbnailUrl":"https:\/\/gockenholz.de\/home\/wp-content\/uploads\/2022\/04\/20220416_193530_03-scaled-1.jpg","articleSection":["Uncategorized"],"inLanguage":"de"},{"@type":"WebPage","@id":"https:\/\/gockenholz.de\/home\/2022\/04\/17\/osterfeuer-2022\/","url":"https:\/\/gockenholz.de\/home\/2022\/04\/17\/osterfeuer-2022\/","name":"R\u00fcckblick Osterfeuer 2022 - gockenholz.de","isPartOf":{"@id":"https:\/\/gockenholz.de\/home\/#website"},"primaryImageOfPage":{"@id":"https:\/\/gockenholz.de\/home\/2022\/04\/17\/osterfeuer-2022\/#primaryimage"},"image":{"@id":"https:\/\/gockenholz.de\/home\/2022\/04\/17\/osterfeuer-2022\/#primaryimage"},"thumbnailUrl":"https:\/\/gockenholz.de\/home\/wp-content\/uploads\/2022\/04\/20220416_193530_03-scaled-1.jpg","datePublished":"2022-04-17T10:00:00+00:00","breadcrumb":{"@id":"https:\/\/gockenholz.de\/home\/2022\/04\/17\/osterfeuer-2022\/#breadcrumb"},"inLanguage":"de","potentialAction":[{"@type":"ReadAction","target":["https:\/\/gockenholz.de\/home\/2022\/04\/17\/osterfeuer-2022\/"]}]},{"@type":"ImageObject","inLanguage":"de","@id":"https:\/\/gockenholz.de\/home\/2022\/04\/17\/osterfeuer-2022\/#primaryimage","url":"https:\/\/gockenholz.de\/home\/wp-content\/uploads\/2022\/04\/20220416_193530_03-scaled-1.jpg","contentUrl":"https:\/\/gockenholz.de\/home\/wp-content\/uploads\/2022\/04\/20220416_193530_03-scaled-1.jpg","width":2560,"height":2560},{"@type":"BreadcrumbList","@id":"https:\/\/gockenholz.de\/home\/2022\/04\/17\/osterfeuer-2022\/#breadcrumb","itemListElement":[{"@type":"ListItem","position":1,"name":"Startseite","item":"https:\/\/gockenholz.de\/home\/willkommen-in-gockenholz\/"},{"@type":"ListItem","position":2,"name":"R\u00fcckblick Osterfeuer 2022"}]},{"@type":"WebSite","@id":"https:\/\/gockenholz.de\/home\/#website","url":"https:\/\/gockenholz.de\/home\/","name":"gockenholz.de","description":"Hier l\u00e4sst es sich leben!","publisher":{"@id":"https:\/\/gockenholz.de\/home\/#organization"},"potentialAction":[{"@type":"SearchAction","target":{"@type":"EntryPoint","urlTemplate":"https:\/\/gockenholz.de\/home\/?s={search_term_string}"},"query-input":{"@type":"PropertyValueSpecification","valueRequired":true,"valueName":"search_term_string"}}],"inLanguage":"de"},{"@type":"Organization","@id":"https:\/\/gockenholz.de\/home\/#organization","name":"B\u00fcrgerverein Gockenholz e. V.","url":"https:\/\/gockenholz.de\/home\/","logo":{"@type":"ImageObject","inLanguage":"de","@id":"https:\/\/gockenholz.de\/home\/#\/schema\/logo\/image\/","url":"https:\/\/gockenholz.de\/home\/wp-content\/uploads\/2023\/02\/gockenholz_fav.png","contentUrl":"https:\/\/gockenholz.de\/home\/wp-content\/uploads\/2023\/02\/gockenholz_fav.png","width":549,"height":550,"caption":"B\u00fcrgerverein Gockenholz e. V."},"image":{"@id":"https:\/\/gockenholz.de\/home\/#\/schema\/logo\/image\/"},"sameAs":["https:\/\/www.facebook.com\/Gockenholz\/"]},{"@type":"Person","@id":"https:\/\/gockenholz.de\/home\/#\/schema\/person\/b263b91fdbff604bb1116e7b138b6cec","name":"Horst","image":{"@type":"ImageObject","inLanguage":"de","@id":"https:\/\/secure.gravatar.com\/avatar\/936755aa18f18d7ead07dcb659d6901f726d97d52ed4112efc289aea5f037957?s=96&d=mm&r=g","url":"https:\/\/secure.gravatar.com\/avatar\/936755aa18f18d7ead07dcb659d6901f726d97d52ed4112efc289aea5f037957?s=96&d=mm&r=g","contentUrl":"https:\/\/secure.gravatar.com\/avatar\/936755aa18f18d7ead07dcb659d6901f726d97d52ed4112efc289aea5f037957?s=96&d=mm&r=g","caption":"Horst"},"url":"https:\/\/gockenholz.de\/home\/author\/horst\/"}]}},"jetpack_featured_media_url":"https:\/\/gockenholz.de\/home\/wp-content\/uploads\/2022\/04\/20220416_193530_03-scaled-1.jpg","jetpack_sharing_enabled":true,"_links":{"self":[{"href":"https:\/\/gockenholz.de\/home\/wp-json\/wp\/v2\/posts\/178","targetHints":{"allow":["GET"]}}],"collection":[{"href":"https:\/\/gockenholz.de\/home\/wp-json\/wp\/v2\/posts"}],"about":[{"href":"https:\/\/gockenholz.de\/home\/wp-json\/wp\/v2\/types\/post"}],"author":[{"embeddable":true,"href":"https:\/\/gockenholz.de\/home\/wp-json\/wp\/v2\/users\/3"}],"replies":[{"embeddable":true,"href":"https:\/\/gockenholz.de\/home\/wp-json\/wp\/v2\/comments?post=178"}],"version-history":[{"count":0,"href":"https:\/\/gockenholz.de\/home\/wp-json\/wp\/v2\/posts\/178\/revisions"}],"wp:featuredmedia":[{"embeddable":true,"href":"https:\/\/gockenholz.de\/home\/wp-json\/wp\/v2\/media\/393"}],"wp:attachment":[{"href":"https:\/\/gockenholz.de\/home\/wp-json\/wp\/v2\/media?parent=178"}],"wp:term":[{"taxonomy":"category","embeddable":true,"href":"https:\/\/gockenholz.de\/home\/wp-json\/wp\/v2\/categories?post=178"},{"taxonomy":"post_tag","embeddable":true,"href":"https:\/\/gockenholz.de\/home\/wp-json\/wp\/v2\/tags?post=178"}],"curies":[{"name":"wp","href":"https:\/\/api.w.org\/{rel}","templated":true}]}}